{"id":496,"date":"2020-10-06T14:59:37","date_gmt":"2020-10-06T12:59:37","guid":{"rendered":"http:\/\/www.tammilehto.info\/blogi\/?p=496"},"modified":"2020-10-06T14:59:37","modified_gmt":"2020-10-06T12:59:37","slug":"koronamielenosoitus-berliinissa-20-000-vai-800-000-osanottajaa","status":"publish","type":"post","link":"https:\/\/www.tammilehto.info\/blogi\/2020\/10\/06\/koronamielenosoitus-berliinissa-20-000-vai-800-000-osanottajaa\/","title":{"rendered":"Koronamielenosoitus Berliiniss\u00e4: 20 000 vai 800 000 osanottajaa?"},"content":{"rendered":"<p class=\"western\" lang=\"fi-FI\">Berliiniss\u00e4 j\u00e4rjestettiin 1.8. iso koronatoimien vastainen mielenosoitus. Siihen osallistuneiden ihmisten lukum\u00e4\u00e4r\u00e4st\u00e4 kiistell\u00e4\u00e4n edelleen. Valtamedia sanoo, ett\u00e4 mielenosoittajia oli 20 000. J\u00e4rjest\u00e4j\u00e4t ja my\u00f6t\u00e4mielinen media taas siteeraa lukua 800 000 tai 1,3 miljoonaa. Erikoista t\u00e4ss\u00e4 kiistassa on se, ett\u00e4 kumpikin osapuoli vetoaa poliisin arvioon osallistujien m\u00e4\u00e4r\u00e4st\u00e4.<\/p>\n<p class=\"western\" lang=\"fi-FI\">Erilaiset faktantarkastajat ovat koettaneet kumota lukua 800 000 mm. mielenosoituksen loppukokouksen yl\u00e4puolelta otettuihin valokuviin perustuvilla laskemilla:<\/p>\n<p class=\"western\" lang=\"fi-FI\"><a href=\"https:\/\/www.br.de\/nachrichten\/wissen\/faktenfuchs-wie-viele-leute-waren-auf-corona-demo-in-berlin,S6bfRBo\">https:\/\/www.br.de\/nachrichten\/wissen\/faktenfuchs-wie-viele-leute-waren-auf-corona-demo-in-berlin,S6bfRBo<\/a><\/p>\n<p class=\"western\" lang=\"fi-FI\"><a href=\"https:\/\/www.sueddeutsche.de\/politik\/berlin-corona-demo-teilnehmer-zahlen-1.4987759\">https:\/\/www.sueddeutsche.de\/politik\/berlin-corona-demo-teilnehmer-zahlen-1.4987759<\/a><\/p>\n<p class=\"western\" lang=\"fi-FI\">Valtamedia pit\u00e4\u00e4 800 000 lukua mielensoittajien keksim\u00e4n\u00e4. Kuitenkin poliisit todellakin ilmoittivat tuona p\u00e4iv\u00e4n\u00e4, ett\u00e4 mielenosoittajia oli 800 000 tai jopa 1,3 miljoonaa. Arvio kerrottiin useille mielenosoituksen j\u00e4rjest\u00e4jille. T\u00e4ss\u00e4 parin j\u00e4rjest\u00e4j\u00e4n haastattelu:<\/p>\n<p class=\"western\" lang=\"fi-FI\"><a href=\"http:\/\/blauerbote.com\/2020\/08\/05\/berlin-spezial-im-gespraech-mit-dem-organisator-und-anfuehrer-des-demonstrationszuges\/\">http:\/\/blauerbote.com\/2020\/08\/05\/berlin-spezial-im-gespraech-mit-dem-organisator-und-anfuehrer-des-demonstrationszuges\/<\/a><\/p>\n<p class=\"western\" lang=\"fi-FI\"><a href=\"https:\/\/youtu.be\/QJOtI1xaiP0\">https:\/\/youtu.be\/QJOtI1xaiP0<\/a><\/p>\n<p class=\"western\" lang=\"fi-FI\">Yksi j\u00e4rjest\u00e4j\u00e4 kertoi saaneensa tiedon mielenosoitukseen liittyvien poliisitoimien johtajalta, joka taas oli saanut sen korkeammalta poliisijohdolta. Lukum\u00e4\u00e4r\u00e4arvion kerrottiin perustuvan ilmakuviin. Valitettavasti my\u00f6hemmin poliisi ilmoitti, ett\u00e4 nuo ilmakuvat oli tietosuojasyist\u00e4 h\u00e4vitetty.<\/p>\n<p class=\"western\" lang=\"fi-FI\">Tuon lukum\u00e4\u00e4r\u00e4tiedon poliisilta sai mielenosoitusp\u00e4iv\u00e4n\u00e4 my\u00f6s ainakin yksi tiedotusv\u00e4line, Presse-Online, joka kertoi, ett\u00e4 poliisin mukaan mielenosoittajia oli 1,3 miljoonaa. Tieto oli tuossa mediassa useita p\u00e4iv\u00e4, kunnes se muutettiin muotoon \u201dj\u00e4rjest\u00e4jien mukaan\u201d:<\/p>\n<p class=\"western\" lang=\"fi-FI\"><a href=\"https:\/\/www.corodok.de\/oops-polizei-million\/\">https:\/\/www.corodok.de\/oops-polizei-million\/<\/a><\/p>\n<p class=\"western\" lang=\"fi-FI\">Mielenosoituksen suuruudesta kertoo se, ett\u00e4 kulkue oli 7,8 kilometri\u00e4 pitk\u00e4. Mielenosoituskuljetuksia muualta Saksasta ja muista maista j\u00e4rjest\u00e4nyt wienil\u00e4inen bussiyritt\u00e4j\u00e4 kertoo, ett\u00e4 h\u00e4n sai 50 000 kuljetustilausta, jotka koskivat keskim\u00e4\u00e4riin nelj\u00e4\u00e4 ihmist\u00e4. Busseilla pelk\u00e4st\u00e4\u00e4n h\u00e4nen kauttaan olisi siis tulossa noin 200 000 ihmist\u00e4. Tosin h\u00e4n ei pystynyt kaikkia tilauksia t\u00e4ytt\u00e4m\u00e4\u00e4n.<\/p>\n<p class=\"western\" lang=\"fi-FI\"><a href=\"https:\/\/youtu.be\/QJOtI1xaiP0\">https:\/\/youtu.be\/QJOtI1xaiP0<\/a><\/p>\n<p class=\"western\" lang=\"fi-FI\">Valtamedian faktojen tarkistusta on arvosteltu ankarasti faktojen v\u00e4\u00e4rist\u00e4misest\u00e4. Ensinn\u00e4kin tarkistajien k\u00e4ytt\u00e4m\u00e4ll\u00e4 tietokoneohjelma tuottaa mielenosoitusvalokuvassa n\u00e4kyvien ihmisten lukum\u00e4\u00e4r\u00e4ksi 100 000 eik\u00e4 20 000, kun otetaan huomioon, ett\u00e4 ihmisi\u00e4 oli my\u00f6s jalkak\u00e4yt\u00e4vill\u00e4, jolloin heit\u00e4 ei n\u00e4kynyt puiden alta, ja oletetaan ihmisi\u00e4 ollen tihe\u00e4mm\u00e4ss\u00e4.<\/p>\n<p class=\"western\" lang=\"fi-FI\"><a href=\"https:\/\/www.corodok.de\/demozahlen-tricks-faktenchecker\/\">https:\/\/www.corodok.de\/demozahlen-tricks-faktenchecker\/<\/a><\/p>\n<p class=\"western\" lang=\"fi-FI\">Toiseksi puiden varjoista voidaan p\u00e4\u00e4tell\u00e4, ett\u00e4 median laskentaan k\u00e4ytt\u00e4m\u00e4 kuva on otettu noin klo 13 eik\u00e4 15.30 tai 16, kuten on v\u00e4itetty. T\u00e4ll\u00f6in suurin osa mielenosoittajista oli vasta marssimassa paikalle:<\/p>\n<p class=\"western\" lang=\"fi-FI\"><a href=\"https:\/\/www.corodok.de\/demo-zahlen-sonne\/\">https:\/\/www.corodok.de\/demo-zahlen-sonne\/<\/a><\/p>\n<p class=\"western\" lang=\"fi-FI\">Kolmanneksi, klo 14.10 poliisi tukki autoillaan p\u00e4\u00e4syn loppukokouspaikalle ja ilmoitti, ett\u00e4 paikka oli jo t\u00e4ynn\u00e4. T\u00e4ll\u00f6in vasta korkeintaan 40 % mielenosoittajista oli ehtinyt saapua. Osa ihmisist\u00e4 toki meni kiertoteitse paikalle, mutta ilmeisesti suurin osa levitt\u00e4ytyi ymp\u00e4rill\u00e4 oleviin puistoihin ja muualle. Mielenosoittajia oli ylip\u00e4\u00e4ns\u00e4 paljon laajemmalla alueella, kun mit\u00e4 valtamedian faktantarkastajat olettavat:<\/p>\n<p class=\"western\" lang=\"fi-FI\"><a href=\"https:\/\/www.corodok.de\/alles-frage-perspektive\/\">https:\/\/www.corodok.de\/alles-frage-perspektive\/<\/a><\/p>\n<p class=\"western\" lang=\"fi-FI\">Mutta onko ylip\u00e4\u00e4ns\u00e4 mahdollista, ett\u00e4 800 000 ihmist\u00e4 osoittaa Berliiniss\u00e4 mielt\u00e4\u00e4n? T\u00e4m\u00e4n realistisuudesta kertoo vuonna 2001 j\u00e4rjestetty Love Parade -niminen elektronisen tanssimusiikin tapahtuma, jossa oli poliisin ja yleisen k\u00e4sityksen mukaan juuri tuo m\u00e4\u00e4r\u00e4 ihmisi\u00e4. Nyt kuitenkin Love Parade -kuvia on vertailtu mielenosoituskuviin ja huomattu, ett\u00e4 vuonna 2001 ihmistiheys oli suurempi. Olennaista on kuitenkin huomata, ett\u00e4 poliisisulkujen ja \u201dhygieniam\u00e4\u00e4r\u00e4ysten\u201d takia ihmiset levitt\u00e4ytyiv\u00e4t laajemmalle alueelle:<\/p>\n<p class=\"western\" lang=\"fi-FI\"><a href=\"https:\/\/www.rubikon.news\/artikel\/die-wirklichen-zahlen\">https:\/\/www.rubikon.news\/artikel\/die-wirklichen-zahlen<\/a><\/p>\n<p class=\"western\" lang=\"fi-FI\" style=\"text-align: center;\"><i>Olli Tammilehto<\/i><\/p>\n<p class=\"western\" lang=\"fi-FI\">\n<p class=\"western\" lang=\"fi-FI\">\n<hr size=\"3\" width=\"50\">\r\n<table border=\"2\" bgcolor=\"#E6F38F\">\r\n<tr>\r\n<td>\r\n<p><i>Suomessa vapaiden kirjoittajien on yh\u00e4 vaikeampaa saada toimeentuloa ty\u00f6st\u00e4\u00e4n \u2013 varsinkin jos kyseenalaistaa vallitsevia k\u00e4sityksi\u00e4 ja kertomuksia. Toivon siksi, ett\u00e4 te, lukijani, tukisitte suoraan rahallisesti ty\u00f6t\u00e4ni. Ulkomailla on paljon nettipalveluja, joiden kautta minun kaltaiseni kirjoittajat ker\u00e4\u00e4v\u00e4t tukea. Kuitenkin Suomessa yksityinen rahanker\u00e4ys on laitonta. Siksi tuen antamisen t\u00e4ytyy tapahtua ostamisen muodossa. Linkki tukikauppaani:<\/i>\r\n<a href=\"https:\/\/tammilehto.info\/tuki\/index.php\">https:\/\/tammilehto.info\/tuki\/index.php<\/a>\r\n<\/p>\r\n<\/td>\r\n<\/tr>\r\n<\/table>","protected":false},"excerpt":{"rendered":"<p>Berliiniss\u00e4 j\u00e4rjestettiin 1.8. iso koronatoimien vastainen mielenosoitus. Siihen osallistuneiden ihmisten lukum\u00e4\u00e4r\u00e4st\u00e4 kiistell\u00e4\u00e4n edelleen. Valtamedia sanoo, ett\u00e4 mielenosoittajia oli 20 000. J\u00e4rjest\u00e4j\u00e4t ja my\u00f6t\u00e4mielinen media taas siteeraa lukua 800 000 tai 1,3 miljoonaa. Erikoista t\u00e4ss\u00e4 kiistassa on se, ett\u00e4 kumpikin osapuoli &hellip; <a href=\"https:\/\/www.tammilehto.info\/blogi\/2020\/10\/06\/koronamielenosoitus-berliinissa-20-000-vai-800-000-osanottajaa\/\">Lue loppuun <span class=\"meta-nav\">&rarr;<\/span><\/a><\/p>\n","protected":false},"author":1,"featured_media":0,"comment_status":"open","ping_status":"open","sticky":false,"template":"","format":"standard","meta":{"footnotes":""},"categories":[19,24],"tags":[],"class_list":["post-496","post","type-post","status-publish","format-standard","hentry","category-demokratia","category-korona"],"_links":{"self":[{"href":"https:\/\/www.tammilehto.info\/blogi\/wp-json\/wp\/v2\/posts\/496","targetHints":{"allow":["GET"]}}],"collection":[{"href":"https:\/\/www.tammilehto.info\/blogi\/wp-json\/wp\/v2\/posts"}],"about":[{"href":"https:\/\/www.tammilehto.info\/blogi\/wp-json\/wp\/v2\/types\/post"}],"author":[{"embeddable":true,"href":"https:\/\/www.tammilehto.info\/blogi\/wp-json\/wp\/v2\/users\/1"}],"replies":[{"embeddable":true,"href":"https:\/\/www.tammilehto.info\/blogi\/wp-json\/wp\/v2\/comments?post=496"}],"version-history":[{"count":1,"href":"https:\/\/www.tammilehto.info\/blogi\/wp-json\/wp\/v2\/posts\/496\/revisions"}],"predecessor-version":[{"id":497,"href":"https:\/\/www.tammilehto.info\/blogi\/wp-json\/wp\/v2\/posts\/496\/revisions\/497"}],"wp:attachment":[{"href":"https:\/\/www.tammilehto.info\/blogi\/wp-json\/wp\/v2\/media?parent=496"}],"wp:term":[{"taxonomy":"category","embeddable":true,"href":"https:\/\/www.tammilehto.info\/blogi\/wp-json\/wp\/v2\/categories?post=496"},{"taxonomy":"post_tag","embeddable":true,"href":"https:\/\/www.tammilehto.info\/blogi\/wp-json\/wp\/v2\/tags?post=496"}],"curies":[{"name":"wp","href":"https:\/\/api.w.org\/{rel}","templated":true}]}}