{"id":622,"date":"2021-11-15T11:28:15","date_gmt":"2021-11-15T09:28:15","guid":{"rendered":"http:\/\/www.tammilehto.info\/blogi\/?p=622"},"modified":"2021-11-15T11:31:16","modified_gmt":"2021-11-15T09:31:16","slug":"koronapiikista-kieltaytyjien-ja-heidan-tuomariensa-moraali","status":"publish","type":"post","link":"https:\/\/www.tammilehto.info\/blogi\/2021\/11\/15\/koronapiikista-kieltaytyjien-ja-heidan-tuomariensa-moraali\/","title":{"rendered":"Koronapiikist\u00e4 kielt\u00e4ytyjien ja heid\u00e4n tuomariensa moraali"},"content":{"rendered":"<p class=\"western\" lang=\"fi-FI\">Stalinin hallinto julkaisi vuonna 1936 ihmisoikeuksia kunnioittavaa ja demokraattista henke\u00e4 huokuvan asiakirjan, jonka nimi oli \u201dperustuslaki\u201d. Se ei silti ollut perustuslaki, koska <span lang=\"fi-FI\">olennaisissa kohdissa sit\u00e4 ei<\/span> edes yritetty noudattaa. Ei tuo paperi kuitenkaan ollut aivan hy\u00f6dyt\u00f6n: se piti yll\u00e4 monen ulkomaalaisen illuusiota Neuvostoliitosta.<\/p>\n<p class=\"western\" lang=\"fi-FI\">T\u00e4m\u00e4 historiallinen kuriositeetti tuli mieleeni, kun luin teoreettisen filosofian emeritusprofessori Ilkka Niiniluodon kirjoituksen \u201dRokottamattomat ovat valinnoistaan eettisesti vastuullisia\u201d (Helsingin Sanomat 11.11.21)<a class=\"sdfootnoteanc\" href=\"#sdfootnote1sym\" name=\"sdfootnote1anc\"><sup>1<\/sup><\/a>. H\u00e4n yhtyy k\u00e4ynniss\u00e4 olevaan rokottamattomien syyllist\u00e4miskampanjaan, ja katsoo, ett\u00e4 \u201donkin aivan selv\u00e4\u00e4, ett\u00e4.. koronarokotuksen laiminly\u00f6mist\u00e4.. on pidett\u00e4v\u00e4 ep\u00e4eettisen\u00e4 ratkaisuna\u201d.<\/p>\n<p class=\"western\" lang=\"fi-FI\">Koronarokotteiden <span lang=\"fi-FI\">luonne<\/span> on kuitenkin samankaltainen kuin Stalinin \u201dperustuslain\u201d: ne eiv\u00e4t ole rokotteita sanan tavanomaisessa mieless\u00e4. Pelk\u00e4st\u00e4\u00e4n se, ett\u00e4 rokotetut halutaan suojata rokottamattomilta monimutkaisella passi- ja kieltoj\u00e4rjestelm\u00e4ll\u00e4, kertoo, ett\u00e4 rokote ei anna immuniteettia tautia vastaan. Monien tutkimusten mukaan rokotettu voi levitt\u00e4\u00e4 <span lang=\"fi-FI\">koronaa<\/span> v\u00e4hint\u00e4\u00e4n yht\u00e4 tehokkaasti kuin rokottamaton<a class=\"sdfootnoteanc\" href=\"#sdfootnote2sym\" name=\"sdfootnote2anc\"><sup>2<\/sup><\/a>.<\/p>\n<p class=\"western\" lang=\"fi-FI\">Yhdysvaltain THL:n eli CDC:n sivuilla &#8217;rokotus&#8217; m\u00e4\u00e4riteltiin elokuussa seuraavasti: \u201dRokotus tarkoittaa rokotteen viemist\u00e4 kehon sis\u00e4\u00e4n immuniteetin tuottamiseksi jotain tautia vastaan.\u201d<a class=\"sdfootnoteanc\" href=\"#sdfootnote3sym\" name=\"sdfootnote3anc\"><sup>3<\/sup><\/a> Tiedonvapauslain avulla julkisuuteen saadut viraston sis\u00e4iset s\u00e4hk\u00f6postit <span lang=\"fi-FI\">kertovat<\/span>, ett\u00e4 \u201dkoronarokotteiden\u201d luonteen paljastuttua m\u00e4\u00e4ritelm\u00e4 koettiin <span lang=\"fi-FI\">haitalliseksi: \u201dSivuillamme<\/span><span lang=\"fi-FI\"> oleva m\u00e4\u00e4ritelm\u00e4 on ongelmallinen, ja ihmiset k\u00e4ytt\u00e4v\u00e4t sit\u00e4 v\u00e4itt\u00e4\u00e4kseen, ett<\/span><span lang=\"fi-FI\">ei<\/span><span lang=\"fi-FI\"> Covid-19-rokote ole rokote oman m\u00e4\u00e4ritelm\u00e4mme perusteella\u201d. <\/span><span lang=\"fi-FI\">Niinp\u00e4 <\/span><span lang=\"fi-FI\">Orwellin Oseanian Newspeakist\u00e4 oppia saane<\/span><span lang=\"fi-FI\">et<\/span><span lang=\"fi-FI\"> CDC:n byrokraatit p\u00e4\u00e4<\/span><span lang=\"fi-FI\">t<\/span><span lang=\"fi-FI\">tiv\u00e4t <\/span><span lang=\"fi-FI\">h\u00e4vitt\u00e4\u00e4 kriittiset ajatukset <\/span><span lang=\"fi-FI\">muutta<\/span><span lang=\"fi-FI\">malla<\/span><span lang=\"fi-FI\"> kielt\u00e4.<\/span> <span lang=\"fi-FI\">T<\/span><span lang=\"fi-FI\">\u00e4ll\u00e4 hetkell\u00e4 <\/span><span lang=\"fi-FI\">m\u00e4\u00e4ritelm\u00e4<\/span><span lang=\"fi-FI\"> kuuluu: \u201d<\/span><span lang=\"fi-FI\">Rokotus <\/span><span lang=\"fi-FI\">tarkoittaa<\/span><span lang=\"fi-FI\"> rokotteen viemi<\/span><span lang=\"fi-FI\">st\u00e4<\/span><span lang=\"fi-FI\"> kehon sis\u00e4\u00e4n <\/span><span lang=\"fi-FI\">tarkoituksena saada<\/span> <span lang=\"fi-FI\">suoja joltain taudilta.\u201d<a class=\"sdfootnoteanc\" href=\"#sdfootnote4sym\" name=\"sdfootnote4anc\"><sup>4<\/sup><\/a><\/span><\/p>\n<p class=\"western\" lang=\"fi-FI\"><span lang=\"fi-FI\"> \u201d<\/span><span lang=\"fi-FI\">Koronarokotteet\u201d <\/span><span lang=\"fi-FI\">siis <\/span><span lang=\"fi-FI\">toimivat <\/span><span lang=\"fi-FI\">jos toimivat<\/span> <span lang=\"fi-FI\">v\u00e4h\u00e4n samaan tapaan kuin aspiriini ja muut taudin oireita v\u00e4hent\u00e4v\u00e4t valmisteet. <\/span><span lang=\"fi-FI\">N\u00e4iden injektioiden ottaminen kuuluu <\/span><span lang=\"fi-FI\">n\u00e4in ollen<\/span> <span lang=\"fi-FI\">l\u00e4hinn\u00e4 <\/span><span lang=\"fi-FI\">\u201d<\/span><span lang=\"fi-FI\">asioi<\/span><span lang=\"fi-FI\">hin<\/span><span lang=\"fi-FI\">, jotka koskevat vain <\/span><span lang=\"fi-FI\">ihmist\u00e4<\/span><span lang=\"fi-FI\"> itse\u00e4<\/span><span lang=\"fi-FI\">\u00e4n<\/span><span lang=\"fi-FI\">\u201d <\/span><span lang=\"fi-FI\">ja joiden suhteen Niiniluodon siteeraaman John Stuart Millin mukaan \u201dihmisell\u00e4 on ehdoton vapaus\u201d.<\/span><\/p>\n<p class=\"western\" lang=\"fi-FI\"><span lang=\"fi-FI\">Joku voi <\/span><span lang=\"fi-FI\">kuitenkin v\u00e4itt\u00e4\u00e4, ett\u00e4 ihmisen oman terveyden menetys koskee sairaudenhoitoj\u00e4rjestelm\u00e4n kautta muita ihmisi\u00e4. <\/span><span lang=\"fi-FI\">Mutta <\/span><span lang=\"fi-FI\">oman <\/span><span lang=\"fi-FI\">terveyden vaarantamista <\/span><span lang=\"fi-FI\">esimerkiksi <\/span><span lang=\"fi-FI\">huonoilla el\u00e4m\u00e4ntavoilla tai vaarallisilla harrastuksilla ei ole <\/span><span lang=\"fi-FI\">ainakaan t<\/span><span lang=\"fi-FI\">\u00e4h\u00e4n saakka katsottu rangaistavaksi. <\/span><span lang=\"fi-FI\">Toisaalta vakavan koronataudin <\/span><span lang=\"fi-FI\">todenn\u00e4k\u00f6isyys<\/span> <span lang=\"fi-FI\">virallistenkin tilastojen mukaan <\/span><span lang=\"fi-FI\">on <\/span><span lang=\"fi-FI\">perus<\/span><span lang=\"fi-FI\">terveill\u00e4 <\/span><span lang=\"fi-FI\">alle 65-vuotiailla <\/span><span lang=\"fi-FI\">ihmisill\u00e4<\/span> <span lang=\"fi-FI\">hyvin<\/span><span lang=\"fi-FI\"> pieni<a class=\"sdfootnoteanc\" href=\"#sdfootnote5sym\" name=\"sdfootnote5anc\"><sup>5<\/sup><\/a>. <\/span><span lang=\"fi-FI\">Muillakin sairaalaan joutumisen mahdollisuus pienenee merkitt\u00e4v\u00e4sti<\/span><span lang=\"fi-FI\">, jos oireiden ilmaantuessa k\u00e4ytt\u00e4\u00e4 <\/span><span lang=\"fi-FI\">monissa <\/span><span lang=\"fi-FI\">tutkimuksissa tehokkaiksi todettuja, mutta suuryhti\u00f6ille voittoa tuottamattomia ja siksi pannaan julistettuja l\u00e4\u00e4kkeit\u00e4<a class=\"sdfootnoteanc\" href=\"#sdfootnote6sym\" name=\"sdfootnote6anc\"><sup>6<\/sup><\/a>.<\/span><\/p>\n<p class=\"western\" lang=\"fi-FI\"><span lang=\"fi-FI\">Lis\u00e4ksi<\/span> <span lang=\"fi-FI\">on hyvin mahdollista<\/span><span lang=\"fi-FI\">, ett\u00e4 <\/span><span lang=\"fi-FI\">nimenomaan rokotetut<\/span> <span lang=\"fi-FI\">joutuvat sairaalaan todenn\u00e4k\u00f6isemmin kuin <\/span><span lang=\"fi-FI\">pistoksesta<\/span><span lang=\"fi-FI\"> kielt\u00e4ytyj\u00e4t<\/span><span lang=\"fi-FI\">. <\/span><span lang=\"fi-FI\">Ensinn\u00e4kin rokottamattomia koske<\/span><span lang=\"fi-FI\">vi<\/span><span lang=\"fi-FI\">ssa sairaalahoitotilasto<\/span><span lang=\"fi-FI\">i<\/span><span lang=\"fi-FI\">ssa on paljon piikin saaneita, koska ihminen lasketaan rokotetuksi vasta, <\/span><span lang=\"fi-FI\">kun <\/span><span lang=\"fi-FI\">viik<\/span><span lang=\"fi-FI\">ko tai kaksi on kulunut injektiosta. Suurin osa rokotuksen haittavaikutuksista ilmenee ensimm\u00e4isin\u00e4 piikityksen j\u00e4lkeisin\u00e4 p\u00e4ivin\u00e4, joten <\/span><span lang=\"fi-FI\">niiden sairaalahoidot<\/span> <span lang=\"fi-FI\">tilastoidaan rokottamattomille kuuluviksi.<\/span><\/p>\n<p class=\"western\" lang=\"fi-FI\"><span lang=\"fi-FI\"> Toiseksi piikitysten aiheuttama terveydenhoidon kuormitus on merkitt\u00e4v\u00e4, sill\u00e4<\/span> <span lang=\"fi-FI\">sairaalahoitoa vaativia<\/span> <span lang=\"fi-FI\">korona<\/span><span lang=\"fi-FI\">rokotehait<\/span><span lang=\"fi-FI\">toja on ilmennyt enn\u00e4tyspaljon. <\/span><span lang=\"fi-FI\">Suomen viralliseen seurantaj\u00e4rjestelm\u00e4\u00e4n <\/span><span lang=\"fi-FI\">on <\/span><span lang=\"fi-FI\">ilmoitettu jo<\/span><span lang=\"fi-FI\"> 3755 <\/span><span lang=\"fi-FI\">vakavaa haittavaik<\/span><span lang=\"fi-FI\">u<\/span><span lang=\"fi-FI\">tusta<\/span><span lang=\"fi-FI\"><a class=\"sdfootnoteanc\" href=\"#sdfootnote7sym\" name=\"sdfootnote7anc\"><sup>7<\/sup><\/a><\/span><span lang=\"fi-FI\">. <\/span><span lang=\"fi-FI\">USA:n vastaavaan j\u00e4rjestelm\u00e4\u00e4n on <\/span><span lang=\"fi-FI\">kertyn<\/span><span lang=\"fi-FI\">y<\/span><span lang=\"fi-FI\">t<\/span> <span lang=\"fi-FI\">noin 92<\/span> <span lang=\"fi-FI\">000 <\/span><span lang=\"fi-FI\">sairaalahoitoa vaativaa<\/span> <span lang=\"fi-FI\">koronarokotehaittaa<a class=\"sdfootnoteanc\" href=\"#sdfootnote8sym\" name=\"sdfootnote8anc\"><sup>8<\/sup><\/a>. Tutkimusten perusteella tiedet\u00e4\u00e4n, ett\u00e4 todellinen haittojen m\u00e4\u00e4r\u00e4 voi olla kymmeni\u00e4 tai <\/span><span lang=\"fi-FI\">jopa sata kertaa<\/span><span lang=\"fi-FI\"> suurempi, <\/span><span lang=\"fi-FI\">koska vain pieni osa haittavaikutuksista ilmoitetaan<\/span><span lang=\"fi-FI\"><a class=\"sdfootnoteanc\" href=\"#sdfootnote9sym\" name=\"sdfootnote9anc\"><sup>9<\/sup><\/a>. <\/span><span lang=\"fi-FI\">Eli t\u00e4ss\u00e4kin suhteessa rokottamaton voi perustella valintaansa moraalisesti.<\/span><\/p>\n<p class=\"western\" lang=\"fi-FI\"><span lang=\"fi-FI\">Mi<\/span><span lang=\"fi-FI\">elest\u00e4ni<\/span><span lang=\"fi-FI\"> on ep\u00e4eettist\u00e4 <\/span><span lang=\"fi-FI\">laiminly\u00f6d\u00e4 kriittisen j\u00e4rjen k\u00e4ytt\u00f6 <\/span><span lang=\"fi-FI\">ja pit\u00e4\u00e4 <\/span><span lang=\"fi-FI\">ainu<\/span><span lang=\"fi-FI\">tl<\/span><span lang=\"fi-FI\">aatuisella <\/span><span lang=\"fi-FI\">propaganda<\/span><span lang=\"fi-FI\">vy\u00f6ryll\u00e4<\/span> <span lang=\"fi-FI\">markkinoitua<\/span> <span lang=\"fi-FI\">ja miljardien voittoja suurille yhti\u00f6ille tuottavaa rokote<\/span><span lang=\"fi-FI\">offensiivia<\/span> <span lang=\"fi-FI\">ilman muuta <\/span><span lang=\"fi-FI\">totuudellisena<\/span><span lang=\"fi-FI\">. <\/span><span lang=\"fi-FI\">Vallanpit\u00e4jien organisoimien pelottelukampanjoiden kyseenalaistamista voidaan pit\u00e4\u00e4 jopa kansalaisvelvollisuutena, sill\u00e4 historiasta tied\u00e4mme, <\/span><span lang=\"fi-FI\">millaisia megarikoksia n\u00e4iden <\/span><span lang=\"fi-FI\">avulla<\/span><span lang=\"fi-FI\"> on onnistuttu tekem\u00e4\u00e4n<\/span><span lang=\"fi-FI\">. <\/span><span lang=\"fi-FI\">On <\/span><span lang=\"fi-FI\">vastuutonta<\/span> <span lang=\"fi-FI\">alkaa syytt\u00e4\u00e4 suuresta julk<\/span><span lang=\"fi-FI\">i<\/span><span lang=\"fi-FI\">suudesta <\/span><span lang=\"fi-FI\">pois siivottua <\/span><span lang=\"fi-FI\">ja <\/span><span lang=\"fi-FI\">sorrettua <\/span><span lang=\"fi-FI\">v\u00e4hemmist\u00f6\u00e4 moraalittomuudesta ottamatta selv\u00e4\u00e4 <\/span><span lang=\"fi-FI\">siit\u00e4, miten <\/span><span lang=\"fi-FI\">se<\/span><span lang=\"fi-FI\"> perustele<\/span><span lang=\"fi-FI\">e<\/span><span lang=\"fi-FI\"> kantaansa<\/span><span lang=\"fi-FI\">.<\/span><\/p>\n<p class=\"western\" lang=\"fi-FI\" style=\"text-align: center;\"><span lang=\"fi-FI\"><i>Olli Tammilehto<\/i><\/span><\/p>\n<div id=\"sdfootnote1\">\n<p class=\"sdfootnote-western\" lang=\"fi-FI\"><a class=\"sdfootnotesym\" href=\"#sdfootnote1anc\" name=\"sdfootnote1sym\">1<\/a><a href=\"https:\/\/www.hs.fi\/paivanlehti\/11112021\/art-2000008389574.html\">https:\/\/www.hs.fi\/paivanlehti\/11112021\/art-2000008389574.html<\/a><\/p>\n<\/div>\n<div id=\"sdfootnote2\">\n<p class=\"sdfootnote-western\" lang=\"fi-FI\"><a class=\"sdfootnotesym\" href=\"#sdfootnote2anc\" name=\"sdfootnote2sym\">2<\/a>Ks. esim. Anika Singanayagam ym.: \u201dCommunity Transmission and Viral Load Kinetics of the SARS-CoV-2 Delta (B.1.617.2) Variant in Vaccinated and Unvaccinated Individuals in the UK: A Prospective, Longitudinal, Cohort Study\u201d, <i>The Lancet Infectious Diseases<\/i> 0, nro 0 (29.10.2021), doi:10.1016\/S1473-3099(21)00648-4; Charlotte B. Acharya ym.: \u201dNo Significant Difference in Viral Load Between Vaccinated and Unvaccinated, Asymptomatic and Symptomatic Groups Infected with SARS-CoV-2 Delta Variant\u201d, <i>MedRxiv<\/i>, 29.9.2021, 2021.09.28.21264262, doi:10.1101\/2021.09.28.21264262; Kasen K. Riemersma ym.: \u201dShedding of Infectious SARS-CoV-2 Despite Vaccination\u201d, 24.8.2021, doi:10.1101\/2021.07.31.21261387.<\/p>\n<\/div>\n<div id=\"sdfootnote3\">\n<p class=\"sdfootnote-western\" lang=\"fi-FI\"><a class=\"sdfootnotesym\" href=\"#sdfootnote3anc\" name=\"sdfootnote3sym\">3<\/a><a href=\"https:\/\/web.archive.org\/web\/20210826113846\/https:\/\/www.cdc.gov\/vaccines\/vac-gen\/imz-basics.htm\">https:\/\/web.archive.org\/web\/20210826113846\/https:\/\/www.cdc.gov\/vaccines\/vac-gen\/imz-basics.htm<\/a><\/p>\n<\/div>\n<div id=\"sdfootnote4\">\n<p class=\"sdfootnote-western\" lang=\"fi-FI\"><a class=\"sdfootnotesym\" href=\"#sdfootnote4anc\" name=\"sdfootnote4sym\">4<\/a><a href=\"https:\/\/www.cdc.gov\/vaccines\/vac-gen\/imz-basics.htm\">https:\/\/www.cdc.gov\/vaccines\/vac-gen\/imz-basics.htm<\/a><\/p>\n<\/div>\n<div id=\"sdfootnote5\">\n<p class=\"sdfootnote-western\" lang=\"fi-FI\"><a class=\"sdfootnotesym\" href=\"#sdfootnote5anc\" name=\"sdfootnote5sym\">5<\/a><a href=\"https:\/\/www.qcovid.org\/\">https:\/\/www.qcovid.org\/<\/a><\/p>\n<\/div>\n<div id=\"sdfootnote6\">\n<p class=\"sdfootnote-western\" lang=\"fi-FI\"><a class=\"sdfootnotesym\" href=\"#sdfootnote6anc\" name=\"sdfootnote6sym\">6<\/a><a href=\"https:\/\/c19early.com\/\">https:\/\/c19early.com\/<\/a><\/p>\n<\/div>\n<div id=\"sdfootnote7\">\n<p class=\"sdfootnote-western\" lang=\"fi-FI\"><a class=\"sdfootnotesym\" href=\"#sdfootnote7anc\" name=\"sdfootnote7sym\">7<\/a>Fimea: \u201dKooste koronarokotteiden haittavaikutusilmoituksista\u201d, Fimea, 11.11.2021, <a href=\"http:\/\/www.fimea.fi\/tietoa_fimeasta\/koronavirus-covid-19-\/koronarokotteiden-haittavaikutusilmoitukset\/kooste-koronarokotteiden-haittavaikutusilmoituksista\">http:\/\/www.fimea.fi\/tietoa_fimeasta\/koronavirus-covid-19-\/koronarokotteiden-haittavaikutusilmoitukset\/kooste-koronarokotteiden-haittavaikutusilmoituksista<\/a><\/p>\n<\/div>\n<div id=\"sdfootnote8\">\n<p class=\"sdfootnote-western\" lang=\"fi-FI\"><a class=\"sdfootnotesym\" href=\"#sdfootnote8anc\" name=\"sdfootnote8sym\">8<\/a><a href=\"https:\/\/openvaers.com\/\">https:\/\/openvaers.com\/<\/a><\/p>\n<\/div>\n<div id=\"sdfootnote9\">\n<p class=\"sdfootnote-western\" lang=\"fi-FI\"><a class=\"sdfootnotesym\" href=\"#sdfootnote9anc\" name=\"sdfootnote9sym\">9<\/a>Ross Lazarus: \u201dElectronic Support for Public Health &#8211; Vaccine Adverse Event Reporting System (ESP:VAERS)\u201d (Boston: Harvard Pilgrim Health Care, Inc., 2010), <a href=\"https:\/\/digital.ahrq.gov\/ahrq-funded-projects\/electronic-support-public-health-vaccine-adverse-event-reporting-system\">https:\/\/digital.ahrq.gov\/ahrq-funded-projects\/electronic-support-public-health-vaccine-adverse-event-reporting-system<\/a><\/p>\n<\/div>\n<hr size=\"3\" width=\"50\">\r\n<table border=\"2\" bgcolor=\"#E6F38F\">\r\n<tr>\r\n<td>\r\n<p><i>Suomessa vapaiden kirjoittajien on yh\u00e4 vaikeampaa saada toimeentuloa ty\u00f6st\u00e4\u00e4n \u2013 varsinkin jos kyseenalaistaa vallitsevia k\u00e4sityksi\u00e4 ja kertomuksia. Toivon siksi, ett\u00e4 te, lukijani, tukisitte suoraan rahallisesti ty\u00f6t\u00e4ni. Ulkomailla on paljon nettipalveluja, joiden kautta minun kaltaiseni kirjoittajat ker\u00e4\u00e4v\u00e4t tukea. Kuitenkin Suomessa yksityinen rahanker\u00e4ys on laitonta. Siksi tuen antamisen t\u00e4ytyy tapahtua ostamisen muodossa. Linkki tukikauppaani:<\/i>\r\n<a href=\"https:\/\/tammilehto.info\/tuki\/index.php\">https:\/\/tammilehto.info\/tuki\/index.php<\/a>\r\n<\/p>\r\n<\/td>\r\n<\/tr>\r\n<\/table>","protected":false},"excerpt":{"rendered":"<p>Stalinin hallinto julkaisi vuonna 1936 ihmisoikeuksia kunnioittavaa ja demokraattista henke\u00e4 huokuvan asiakirjan, jonka nimi oli \u201dperustuslaki\u201d. Se ei silti ollut perustuslaki, koska olennaisissa kohdissa sit\u00e4 ei edes yritetty noudattaa. Ei tuo paperi kuitenkaan ollut aivan hy\u00f6dyt\u00f6n: se piti yll\u00e4 monen &hellip; <a href=\"https:\/\/www.tammilehto.info\/blogi\/2021\/11\/15\/koronapiikista-kieltaytyjien-ja-heidan-tuomariensa-moraali\/\">Lue loppuun <span class=\"meta-nav\">&rarr;<\/span><\/a><\/p>\n","protected":false},"author":1,"featured_media":0,"comment_status":"open","ping_status":"open","sticky":false,"template":"","format":"standard","meta":{"footnotes":""},"categories":[19,24],"tags":[],"class_list":["post-622","post","type-post","status-publish","format-standard","hentry","category-demokratia","category-korona"],"_links":{"self":[{"href":"https:\/\/www.tammilehto.info\/blogi\/wp-json\/wp\/v2\/posts\/622","targetHints":{"allow":["GET"]}}],"collection":[{"href":"https:\/\/www.tammilehto.info\/blogi\/wp-json\/wp\/v2\/posts"}],"about":[{"href":"https:\/\/www.tammilehto.info\/blogi\/wp-json\/wp\/v2\/types\/post"}],"author":[{"embeddable":true,"href":"https:\/\/www.tammilehto.info\/blogi\/wp-json\/wp\/v2\/users\/1"}],"replies":[{"embeddable":true,"href":"https:\/\/www.tammilehto.info\/blogi\/wp-json\/wp\/v2\/comments?post=622"}],"version-history":[{"count":8,"href":"https:\/\/www.tammilehto.info\/blogi\/wp-json\/wp\/v2\/posts\/622\/revisions"}],"predecessor-version":[{"id":630,"href":"https:\/\/www.tammilehto.info\/blogi\/wp-json\/wp\/v2\/posts\/622\/revisions\/630"}],"wp:attachment":[{"href":"https:\/\/www.tammilehto.info\/blogi\/wp-json\/wp\/v2\/media?parent=622"}],"wp:term":[{"taxonomy":"category","embeddable":true,"href":"https:\/\/www.tammilehto.info\/blogi\/wp-json\/wp\/v2\/categories?post=622"},{"taxonomy":"post_tag","embeddable":true,"href":"https:\/\/www.tammilehto.info\/blogi\/wp-json\/wp\/v2\/tags?post=622"}],"curies":[{"name":"wp","href":"https:\/\/api.w.org\/{rel}","templated":true}]}}